{"id":15488,"date":"2020-07-29T14:01:42","date_gmt":"2020-07-29T13:01:42","guid":{"rendered":"https:\/\/www.ampo.com\/es\/?p=9615"},"modified":"2020-07-29T14:01:42","modified_gmt":"2020-07-29T13:01:42","slug":"aramco-apoya-iniciativas-sociales-en-euskadi-de-la-mano-de-empresas-vascas-frente-la-covid-19","status":"publish","type":"post","link":"https:\/\/www.ampo.com\/es\/aramco-apoya-iniciativas-sociales-en-euskadi-de-la-mano-de-empresas-vascas-frente-la-covid-19\/","title":{"rendered":"ARAMCO apoya iniciativas sociales en Euskadi de la mano de empresas vascas frente a la COVID-19"},"content":{"rendered":"<p>ARAMCO, una empresa l\u00edder mundial en energ\u00eda y productos qu\u00edmicos, ha impulsado un programa de apoyo a la sociedad vasca para paliar los efectos del coronavirus. Este programa forma parte de su plan de respuesta global ante la COVID-19 y ha sido canalizado a trav\u00e9s de la Fundaci\u00f3n Energy Advanced Engineering, constituida por TUBACEX, TUBOS REUNIDOS, AMPO y VICINAY MARINE, por el papel que desempe\u00f1an dentro de su cadena de valor. Los fondos recaudados han superado los 300.000 euros y han sido destinados a diversas iniciativas de car\u00e1cter social y asistencial en los \u00e1mbitos de la salud, la alimentaci\u00f3n y la educaci\u00f3n.<\/p>\n<p>En el \u00e1mbito de la salud, se ha impulsado la donaci\u00f3n de mascarillas y otros equipos de protecci\u00f3n individual a residencias de ancianos, ambulatorios o poblaci\u00f3n en general para garantizar el acceso de este elemento de protecci\u00f3n frente al contagio. Asimismo, se ha financiado un proyecto a desarrollar por el Instituto de Investigaci\u00f3n Sanitaria Biocruces Bizkaia para mejorar el conocimiento y la prevenci\u00f3n contra la COVID-19 en residencias, analizando como la microbiota puede jugar un papel importante en diagn\u00f3stico, pron\u00f3stico y tratamiento. Finalmente, en este eje destaca la financiaci\u00f3n de un proyecto innovador desarrollado por Eversens basado en la medida de la inflamaci\u00f3n en v\u00eda a\u00e9rea causada por el SARS-COV-2 mediante la medida del \u00f3xido n\u00edtrico exhalado (eNO).<\/p>\n<p>Por otro lado, este programa incluye ayudas para colectivos en situaci\u00f3n de vulnerabilidad econ\u00f3mica generada por el coronavirus. Entre ellas se incluye la donaci\u00f3n de m\u00e1s de 30.000 euros a los bancos de alimentos de Bizkaia, \u00c1lava y Guip\u00fazcoa que han visto aumentada la demanda de productos de primera necesidad en un 30% durante el confinamiento. Con esta cifra se estima que se podr\u00edan cubrir las necesidades alimenticias de medio centenar de personas durante un a\u00f1o. A esta iniciativa se suman las desarrolladas en el entorno del Valle de Ayala con donaci\u00f3n de men\u00fas diarios a familias desfavorecidas o impulsando el programa de Cruz Roja Responde para atender las necesidades b\u00e1sicas de personas en riesgo de pobreza y exclusi\u00f3n. Entre ellas se encuentra el colectivo de personas sin hogar. Gracias a este plan global, una veintena de j\u00f3venes que durante la pandemia fueron alojadas en polideportivos y albergues de Bilbao podr\u00e1 ser realojados en la residencia Bego\u00f1etxe de C\u00e1ritas para iniciar un itinerario de acompa\u00f1amiento integral en el que el \u00e1mbito educativo y laboral.<\/p>\n<p>Finalmente, el confinamiento ha acelerado la brecha digital y educativa entre el colectivo m\u00e1s joven. Por ello, este programa ha contado con la colaboraci\u00f3n de Euskaltel y la SD Eibar Fundazioa para facilitar el acceso a internet a familias sin recursos de la zona del Duranguesado y Bajo Deba.<\/p>\n<p>Con este programa, ARAMCO muestra su compromiso con una regi\u00f3n clave, que concentra el mayor volumen de empresas vinculadas al sector energ\u00e9tico del territorio espa\u00f1ol. Para Talal Al-Marri, Presidente y CEO de Aramco Europa, esta iniciativa \u201ces una prioridad para ARAMCO, ya que estamos comprometidos a apoyar a los principales proveedores de servicios esenciales durante este momento dif\u00edcil. Hemos buscado hacerlo a trav\u00e9s de nuestros emplazamientos, en las comunidades donde operamos, como el Pa\u00eds Vasco. De hecho, la respuesta de la compa\u00f1\u00eda a la Covid-19 ha sido dirigida desde lo m\u00e1s alto, con nuestro liderazgo global destacando desde el principio de la crisis, tomando todas las precauciones necesarias para apoyar la salud y la seguridad durante este tiempo.\u00bb<\/p>\n<p>Por su parte, Jes\u00fas Esmor\u00eds, Presidente del Patronato de la Fundaci\u00f3n Energy Advanced Engineering, ha declarado que la donaci\u00f3n de ARAMCO ha sido \u201cun llamamiento a la solidaridad\u201d, motivando la participaci\u00f3n de otras empresas que han sumado esfuerzos frente a un objetivo com\u00fan. Entre ellas destaca las aportaciones de las empresas que integran la fundaci\u00f3n Energy Advanced, Engineering, Fluidex, Euskaltel o SD Eibar Fundazioa.<\/p>\n<p><strong>\u00a0<\/strong><\/p>\n<p><strong>Sobre ARAMCO<\/strong><\/p>\n<p>Aramco es l\u00edder mundial en energ\u00eda y productos qu\u00edmicos integrados. Aramco Europe, una filial del Grupo Aramco, apoya una amplia gama de actividades, desde facilitar la entrega segura y confiable de energ\u00eda a clientes de todo el mundo, hasta impulsar avances en investigaci\u00f3n e innovaci\u00f3n.<\/p>\n<p><a href=\"https:\/\/europe.aramco.com\/\">https:\/\/europe.aramco.com\/<\/a><\/p>\n<p>&nbsp;<\/p>\n<p><strong>Sobre Fundaci\u00f3n Energy Advanced Engineering &#8211; EIC<\/strong><\/p>\n<p>TUBACEX, TUBOS REUNIDOS, AMPO y VICINAY MARINE han constituido la Fundaci\u00f3n Energy Advanced Engineering, con la finalidad de impulsar el desarrollo de la cadena de valor del sector de energ\u00eda, principalmente del Oil&amp;Gas. La Fundaci\u00f3n se instalar\u00e1 en el \u201cEnergy Intelligence Center\u201d (EIC) que se est\u00e1 construyendo en el futuro parque tecnol\u00f3gico de Abanto-Zierbena (Bizkaia), impulsado por el Gobierno vasco y la Diputaci\u00f3n Foral de Bizkaia.<\/p>\n","protected":false},"excerpt":{"rendered":"<p>ARAMCO, una empresa l\u00edder mundial en energ\u00eda y productos qu\u00edmicos, ha impulsado un programa de apoyo a la sociedad vasca para paliar los efectos del coronavirus. Este programa forma parte de su plan de respuesta global ante la COVID-19 y ha sido canalizado a trav\u00e9s de la Fundaci\u00f3n Energy Advanced Engineering, constituida por TUBACEX, TUBOS [&hellip;]<\/p>\n","protected":false},"author":1,"featured_media":9610,"comment_status":"closed","ping_status":"closed","sticky":false,"template":"","format":"standard","meta":{"_acf_changed":false,"inline_featured_image":false,"footnotes":""},"categories":[131,147],"tags":[149,553,707,708],"class_list":["post-15488","post","type-post","status-publish","format-standard","has-post-thumbnail","hentry","category-news-media-es","category-grupo","tag-ampo","tag-saudi-aramco","tag-covid-19","tag-eic"],"acf":[],"yoast_head":"<!-- This site is optimized with the Yoast SEO plugin v26.0 - https:\/\/yoast.com\/wordpress\/plugins\/seo\/ -->\n<title>ARAMCO apoya iniciativas sociales en Euskadi de la mano de empresas vascas frente a la COVID-19 - Ampo<\/title>\n<meta name=\"robots\" content=\"index, follow, max-snippet:-1, max-image-preview:large, max-video-preview:-1\" \/>\n<link rel=\"canonical\" href=\"https:\/\/www.ampo.com\/es\/aramco-apoya-iniciativas-sociales-en-euskadi-de-la-mano-de-empresas-vascas-frente-la-covid-19\/\" \/>\n<meta property=\"og:locale\" content=\"es_ES\" \/>\n<meta property=\"og:type\" content=\"article\" \/>\n<meta property=\"og:title\" content=\"ARAMCO apoya iniciativas sociales en Euskadi de la mano de empresas vascas frente a la COVID-19 - Ampo\" \/>\n<meta property=\"og:description\" content=\"ARAMCO, una empresa l\u00edder mundial en energ\u00eda y productos qu\u00edmicos, ha impulsado un programa de apoyo a la sociedad vasca para paliar los efectos del coronavirus. Este programa forma parte de su plan de respuesta global ante la COVID-19 y ha sido canalizado a trav\u00e9s de la Fundaci\u00f3n Energy Advanced Engineering, constituida por TUBACEX, TUBOS [&hellip;]\" \/>\n<meta property=\"og:url\" content=\"https:\/\/www.ampo.com\/es\/aramco-apoya-iniciativas-sociales-en-euskadi-de-la-mano-de-empresas-vascas-frente-la-covid-19\/\" \/>\n<meta property=\"og:site_name\" content=\"Ampo\" \/>\n<meta property=\"article:published_time\" content=\"2020-07-29T13:01:42+00:00\" \/>\n<meta property=\"og:image\" content=\"https:\/\/www.ampo.com\/wp-content\/uploads\/2020\/07\/ARAMCO.jpg\" \/>\n\t<meta property=\"og:image:width\" content=\"1800\" \/>\n\t<meta property=\"og:image:height\" content=\"400\" \/>\n\t<meta property=\"og:image:type\" content=\"image\/jpeg\" \/>\n<meta name=\"author\" content=\"admin\" \/>\n<meta name=\"twitter:card\" content=\"summary_large_image\" \/>\n<meta name=\"twitter:label1\" content=\"Escrito por\" \/>\n\t<meta name=\"twitter:data1\" content=\"admin\" \/>\n\t<meta name=\"twitter:label2\" content=\"Tiempo de lectura\" \/>\n\t<meta name=\"twitter:data2\" content=\"4 minutos\" \/>\n<script type=\"application\/ld+json\" class=\"yoast-schema-graph\">{\"@context\":\"https:\/\/schema.org\",\"@graph\":[{\"@type\":\"Article\",\"@id\":\"https:\/\/www.ampo.com\/es\/aramco-apoya-iniciativas-sociales-en-euskadi-de-la-mano-de-empresas-vascas-frente-la-covid-19\/#article\",\"isPartOf\":{\"@id\":\"https:\/\/www.ampo.com\/es\/aramco-apoya-iniciativas-sociales-en-euskadi-de-la-mano-de-empresas-vascas-frente-la-covid-19\/\"},\"author\":{\"name\":\"admin\",\"@id\":\"https:\/\/www.ampo.com\/#\/schema\/person\/913704f136d824418a069dd12ac6422e\"},\"headline\":\"ARAMCO apoya iniciativas sociales en Euskadi de la mano de empresas vascas frente a la COVID-19\",\"datePublished\":\"2020-07-29T13:01:42+00:00\",\"mainEntityOfPage\":{\"@id\":\"https:\/\/www.ampo.com\/es\/aramco-apoya-iniciativas-sociales-en-euskadi-de-la-mano-de-empresas-vascas-frente-la-covid-19\/\"},\"wordCount\":831,\"publisher\":{\"@id\":\"https:\/\/www.ampo.com\/#organization\"},\"image\":{\"@id\":\"https:\/\/www.ampo.com\/es\/aramco-apoya-iniciativas-sociales-en-euskadi-de-la-mano-de-empresas-vascas-frente-la-covid-19\/#primaryimage\"},\"thumbnailUrl\":\"https:\/\/www.ampo.com\/wp-content\/uploads\/2020\/07\/ARAMCO.jpg\",\"keywords\":[\"ampo\",\"saudi aramco\",\"COVID-19\",\"EIC\"],\"articleSection\":[\"News &amp; Media\",\"AMPO Grupo\"],\"inLanguage\":\"es\"},{\"@type\":\"WebPage\",\"@id\":\"https:\/\/www.ampo.com\/es\/aramco-apoya-iniciativas-sociales-en-euskadi-de-la-mano-de-empresas-vascas-frente-la-covid-19\/\",\"url\":\"https:\/\/www.ampo.com\/es\/aramco-apoya-iniciativas-sociales-en-euskadi-de-la-mano-de-empresas-vascas-frente-la-covid-19\/\",\"name\":\"ARAMCO apoya iniciativas sociales en Euskadi de la mano de empresas vascas frente a la COVID-19 - Ampo\",\"isPartOf\":{\"@id\":\"https:\/\/www.ampo.com\/#website\"},\"primaryImageOfPage\":{\"@id\":\"https:\/\/www.ampo.com\/es\/aramco-apoya-iniciativas-sociales-en-euskadi-de-la-mano-de-empresas-vascas-frente-la-covid-19\/#primaryimage\"},\"image\":{\"@id\":\"https:\/\/www.ampo.com\/es\/aramco-apoya-iniciativas-sociales-en-euskadi-de-la-mano-de-empresas-vascas-frente-la-covid-19\/#primaryimage\"},\"thumbnailUrl\":\"https:\/\/www.ampo.com\/wp-content\/uploads\/2020\/07\/ARAMCO.jpg\",\"datePublished\":\"2020-07-29T13:01:42+00:00\",\"breadcrumb\":{\"@id\":\"https:\/\/www.ampo.com\/es\/aramco-apoya-iniciativas-sociales-en-euskadi-de-la-mano-de-empresas-vascas-frente-la-covid-19\/#breadcrumb\"},\"inLanguage\":\"es\",\"potentialAction\":[{\"@type\":\"ReadAction\",\"target\":[\"https:\/\/www.ampo.com\/es\/aramco-apoya-iniciativas-sociales-en-euskadi-de-la-mano-de-empresas-vascas-frente-la-covid-19\/\"]}]},{\"@type\":\"ImageObject\",\"inLanguage\":\"es\",\"@id\":\"https:\/\/www.ampo.com\/es\/aramco-apoya-iniciativas-sociales-en-euskadi-de-la-mano-de-empresas-vascas-frente-la-covid-19\/#primaryimage\",\"url\":\"https:\/\/www.ampo.com\/wp-content\/uploads\/2020\/07\/ARAMCO.jpg\",\"contentUrl\":\"https:\/\/www.ampo.com\/wp-content\/uploads\/2020\/07\/ARAMCO.jpg\",\"width\":1800,\"height\":400,\"caption\":\"ARAMCO_EIC_AMPO\"},{\"@type\":\"BreadcrumbList\",\"@id\":\"https:\/\/www.ampo.com\/es\/aramco-apoya-iniciativas-sociales-en-euskadi-de-la-mano-de-empresas-vascas-frente-la-covid-19\/#breadcrumb\",\"itemListElement\":[{\"@type\":\"ListItem\",\"position\":1,\"name\":\"Portada\",\"item\":\"https:\/\/www.ampo.com\/es\/\"},{\"@type\":\"ListItem\",\"position\":2,\"name\":\"ARAMCO apoya iniciativas sociales en Euskadi de la mano de empresas vascas frente a la COVID-19\"}]},{\"@type\":\"WebSite\",\"@id\":\"https:\/\/www.ampo.com\/#website\",\"url\":\"https:\/\/www.ampo.com\/\",\"name\":\"Ampo\",\"description\":\"\",\"publisher\":{\"@id\":\"https:\/\/www.ampo.com\/#organization\"},\"potentialAction\":[{\"@type\":\"SearchAction\",\"target\":{\"@type\":\"EntryPoint\",\"urlTemplate\":\"https:\/\/www.ampo.com\/?s={search_term_string}\"},\"query-input\":{\"@type\":\"PropertyValueSpecification\",\"valueRequired\":true,\"valueName\":\"search_term_string\"}}],\"inLanguage\":\"es\"},{\"@type\":\"Organization\",\"@id\":\"https:\/\/www.ampo.com\/#organization\",\"name\":\"Ampo\",\"url\":\"https:\/\/www.ampo.com\/\",\"logo\":{\"@type\":\"ImageObject\",\"inLanguage\":\"es\",\"@id\":\"https:\/\/www.ampo.com\/#\/schema\/logo\/image\/\",\"url\":\"https:\/\/www.ampo.com\/wp-content\/uploads\/2023\/07\/ampo-logo.png\",\"contentUrl\":\"https:\/\/www.ampo.com\/wp-content\/uploads\/2023\/07\/ampo-logo.png\",\"width\":642,\"height\":211,\"caption\":\"Ampo\"},\"image\":{\"@id\":\"https:\/\/www.ampo.com\/#\/schema\/logo\/image\/\"}},{\"@type\":\"Person\",\"@id\":\"https:\/\/www.ampo.com\/#\/schema\/person\/913704f136d824418a069dd12ac6422e\",\"name\":\"admin\",\"image\":{\"@type\":\"ImageObject\",\"inLanguage\":\"es\",\"@id\":\"https:\/\/www.ampo.com\/#\/schema\/person\/image\/\",\"url\":\"https:\/\/secure.gravatar.com\/avatar\/df4a024f593be0b36c370232b5b92261beb0d2f996e0eb8e93bd2f4e217f855f?s=96&d=mm&r=g\",\"contentUrl\":\"https:\/\/secure.gravatar.com\/avatar\/df4a024f593be0b36c370232b5b92261beb0d2f996e0eb8e93bd2f4e217f855f?s=96&d=mm&r=g\",\"caption\":\"admin\"},\"sameAs\":[\"https:\/\/ampo.com\"],\"url\":\"https:\/\/www.ampo.com\/es\/author\/admin\/\"}]}<\/script>\n<!-- \/ Yoast SEO plugin. -->","yoast_head_json":{"title":"ARAMCO apoya iniciativas sociales en Euskadi de la mano de empresas vascas frente a la COVID-19 - Ampo","robots":{"index":"index","follow":"follow","max-snippet":"max-snippet:-1","max-image-preview":"max-image-preview:large","max-video-preview":"max-video-preview:-1"},"canonical":"https:\/\/www.ampo.com\/es\/aramco-apoya-iniciativas-sociales-en-euskadi-de-la-mano-de-empresas-vascas-frente-la-covid-19\/","og_locale":"es_ES","og_type":"article","og_title":"ARAMCO apoya iniciativas sociales en Euskadi de la mano de empresas vascas frente a la COVID-19 - Ampo","og_description":"ARAMCO, una empresa l\u00edder mundial en energ\u00eda y productos qu\u00edmicos, ha impulsado un programa de apoyo a la sociedad vasca para paliar los efectos del coronavirus. Este programa forma parte de su plan de respuesta global ante la COVID-19 y ha sido canalizado a trav\u00e9s de la Fundaci\u00f3n Energy Advanced Engineering, constituida por TUBACEX, TUBOS [&hellip;]","og_url":"https:\/\/www.ampo.com\/es\/aramco-apoya-iniciativas-sociales-en-euskadi-de-la-mano-de-empresas-vascas-frente-la-covid-19\/","og_site_name":"Ampo","article_published_time":"2020-07-29T13:01:42+00:00","og_image":[{"width":1800,"height":400,"url":"https:\/\/www.ampo.com\/wp-content\/uploads\/2020\/07\/ARAMCO.jpg","type":"image\/jpeg"}],"author":"admin","twitter_card":"summary_large_image","twitter_misc":{"Escrito por":"admin","Tiempo de lectura":"4 minutos"},"schema":{"@context":"https:\/\/schema.org","@graph":[{"@type":"Article","@id":"https:\/\/www.ampo.com\/es\/aramco-apoya-iniciativas-sociales-en-euskadi-de-la-mano-de-empresas-vascas-frente-la-covid-19\/#article","isPartOf":{"@id":"https:\/\/www.ampo.com\/es\/aramco-apoya-iniciativas-sociales-en-euskadi-de-la-mano-de-empresas-vascas-frente-la-covid-19\/"},"author":{"name":"admin","@id":"https:\/\/www.ampo.com\/#\/schema\/person\/913704f136d824418a069dd12ac6422e"},"headline":"ARAMCO apoya iniciativas sociales en Euskadi de la mano de empresas vascas frente a la COVID-19","datePublished":"2020-07-29T13:01:42+00:00","mainEntityOfPage":{"@id":"https:\/\/www.ampo.com\/es\/aramco-apoya-iniciativas-sociales-en-euskadi-de-la-mano-de-empresas-vascas-frente-la-covid-19\/"},"wordCount":831,"publisher":{"@id":"https:\/\/www.ampo.com\/#organization"},"image":{"@id":"https:\/\/www.ampo.com\/es\/aramco-apoya-iniciativas-sociales-en-euskadi-de-la-mano-de-empresas-vascas-frente-la-covid-19\/#primaryimage"},"thumbnailUrl":"https:\/\/www.ampo.com\/wp-content\/uploads\/2020\/07\/ARAMCO.jpg","keywords":["ampo","saudi aramco","COVID-19","EIC"],"articleSection":["News &amp; Media","AMPO Grupo"],"inLanguage":"es"},{"@type":"WebPage","@id":"https:\/\/www.ampo.com\/es\/aramco-apoya-iniciativas-sociales-en-euskadi-de-la-mano-de-empresas-vascas-frente-la-covid-19\/","url":"https:\/\/www.ampo.com\/es\/aramco-apoya-iniciativas-sociales-en-euskadi-de-la-mano-de-empresas-vascas-frente-la-covid-19\/","name":"ARAMCO apoya iniciativas sociales en Euskadi de la mano de empresas vascas frente a la COVID-19 - Ampo","isPartOf":{"@id":"https:\/\/www.ampo.com\/#website"},"primaryImageOfPage":{"@id":"https:\/\/www.ampo.com\/es\/aramco-apoya-iniciativas-sociales-en-euskadi-de-la-mano-de-empresas-vascas-frente-la-covid-19\/#primaryimage"},"image":{"@id":"https:\/\/www.ampo.com\/es\/aramco-apoya-iniciativas-sociales-en-euskadi-de-la-mano-de-empresas-vascas-frente-la-covid-19\/#primaryimage"},"thumbnailUrl":"https:\/\/www.ampo.com\/wp-content\/uploads\/2020\/07\/ARAMCO.jpg","datePublished":"2020-07-29T13:01:42+00:00","breadcrumb":{"@id":"https:\/\/www.ampo.com\/es\/aramco-apoya-iniciativas-sociales-en-euskadi-de-la-mano-de-empresas-vascas-frente-la-covid-19\/#breadcrumb"},"inLanguage":"es","potentialAction":[{"@type":"ReadAction","target":["https:\/\/www.ampo.com\/es\/aramco-apoya-iniciativas-sociales-en-euskadi-de-la-mano-de-empresas-vascas-frente-la-covid-19\/"]}]},{"@type":"ImageObject","inLanguage":"es","@id":"https:\/\/www.ampo.com\/es\/aramco-apoya-iniciativas-sociales-en-euskadi-de-la-mano-de-empresas-vascas-frente-la-covid-19\/#primaryimage","url":"https:\/\/www.ampo.com\/wp-content\/uploads\/2020\/07\/ARAMCO.jpg","contentUrl":"https:\/\/www.ampo.com\/wp-content\/uploads\/2020\/07\/ARAMCO.jpg","width":1800,"height":400,"caption":"ARAMCO_EIC_AMPO"},{"@type":"BreadcrumbList","@id":"https:\/\/www.ampo.com\/es\/aramco-apoya-iniciativas-sociales-en-euskadi-de-la-mano-de-empresas-vascas-frente-la-covid-19\/#breadcrumb","itemListElement":[{"@type":"ListItem","position":1,"name":"Portada","item":"https:\/\/www.ampo.com\/es\/"},{"@type":"ListItem","position":2,"name":"ARAMCO apoya iniciativas sociales en Euskadi de la mano de empresas vascas frente a la COVID-19"}]},{"@type":"WebSite","@id":"https:\/\/www.ampo.com\/#website","url":"https:\/\/www.ampo.com\/","name":"Ampo","description":"","publisher":{"@id":"https:\/\/www.ampo.com\/#organization"},"potentialAction":[{"@type":"SearchAction","target":{"@type":"EntryPoint","urlTemplate":"https:\/\/www.ampo.com\/?s={search_term_string}"},"query-input":{"@type":"PropertyValueSpecification","valueRequired":true,"valueName":"search_term_string"}}],"inLanguage":"es"},{"@type":"Organization","@id":"https:\/\/www.ampo.com\/#organization","name":"Ampo","url":"https:\/\/www.ampo.com\/","logo":{"@type":"ImageObject","inLanguage":"es","@id":"https:\/\/www.ampo.com\/#\/schema\/logo\/image\/","url":"https:\/\/www.ampo.com\/wp-content\/uploads\/2023\/07\/ampo-logo.png","contentUrl":"https:\/\/www.ampo.com\/wp-content\/uploads\/2023\/07\/ampo-logo.png","width":642,"height":211,"caption":"Ampo"},"image":{"@id":"https:\/\/www.ampo.com\/#\/schema\/logo\/image\/"}},{"@type":"Person","@id":"https:\/\/www.ampo.com\/#\/schema\/person\/913704f136d824418a069dd12ac6422e","name":"admin","image":{"@type":"ImageObject","inLanguage":"es","@id":"https:\/\/www.ampo.com\/#\/schema\/person\/image\/","url":"https:\/\/secure.gravatar.com\/avatar\/df4a024f593be0b36c370232b5b92261beb0d2f996e0eb8e93bd2f4e217f855f?s=96&d=mm&r=g","contentUrl":"https:\/\/secure.gravatar.com\/avatar\/df4a024f593be0b36c370232b5b92261beb0d2f996e0eb8e93bd2f4e217f855f?s=96&d=mm&r=g","caption":"admin"},"sameAs":["https:\/\/ampo.com"],"url":"https:\/\/www.ampo.com\/es\/author\/admin\/"}]}},"_links":{"self":[{"href":"https:\/\/www.ampo.com\/es\/wp-json\/wp\/v2\/posts\/15488","targetHints":{"allow":["GET"]}}],"collection":[{"href":"https:\/\/www.ampo.com\/es\/wp-json\/wp\/v2\/posts"}],"about":[{"href":"https:\/\/www.ampo.com\/es\/wp-json\/wp\/v2\/types\/post"}],"author":[{"embeddable":true,"href":"https:\/\/www.ampo.com\/es\/wp-json\/wp\/v2\/users\/1"}],"replies":[{"embeddable":true,"href":"https:\/\/www.ampo.com\/es\/wp-json\/wp\/v2\/comments?post=15488"}],"version-history":[{"count":0,"href":"https:\/\/www.ampo.com\/es\/wp-json\/wp\/v2\/posts\/15488\/revisions"}],"wp:featuredmedia":[{"embeddable":true,"href":"https:\/\/www.ampo.com\/es\/wp-json\/wp\/v2\/media\/9610"}],"wp:attachment":[{"href":"https:\/\/www.ampo.com\/es\/wp-json\/wp\/v2\/media?parent=15488"}],"wp:term":[{"taxonomy":"category","embeddable":true,"href":"https:\/\/www.ampo.com\/es\/wp-json\/wp\/v2\/categories?post=15488"},{"taxonomy":"post_tag","embeddable":true,"href":"https:\/\/www.ampo.com\/es\/wp-json\/wp\/v2\/tags?post=15488"}],"curies":[{"name":"wp","href":"https:\/\/api.w.org\/{rel}","templated":true}]}}