{"id":15378,"date":"2016-12-01T12:48:47","date_gmt":"2016-12-01T12:48:47","guid":{"rendered":"http:\/\/ampo.com\/es\/?p=5449"},"modified":"2016-12-01T12:48:47","modified_gmt":"2016-12-01T12:48:47","slug":"inauguracion-de-la-nueva-instalacion-de-moldeo-ceramico-de-ampo-fundicion","status":"publish","type":"post","link":"https:\/\/www.ampo.com\/es\/inauguracion-de-la-nueva-instalacion-de-moldeo-ceramico-de-ampo-fundicion\/","title":{"rendered":"Inauguraci\u00f3n de la nueva instalaci\u00f3n de moldeo cer\u00e1mico de Ampo fundici\u00f3n"},"content":{"rendered":"<p><strong>AMPO inaugur\u00f3 el pasado 10 de noviembre la nueva instalaci\u00f3n de moldeo cer\u00e1mico, la cual posibilitar\u00e1 ofrecer componentes de gran tama\u00f1o y geometr\u00edas complejas. La automatizaci\u00f3n del proceso le permitir\u00e1 adem\u00e1s aumentar su competitividad.<\/strong><\/p>\n<p>Con esta nueva instalaci\u00f3n AMPO lograr\u00e1 cuadruplicar su capacidad de Moldeo Cer\u00e1mico actual hasta llegar a las 240 toneladas mensuales y 60 piezas diarias.<\/p>\n<p>A la ceremonia de inauguraci\u00f3n asistieron m\u00e1s de 30 representantes de grandes multinacionales, aprovechando la jornada para contrastar la estrategia de AMPO. Todo ello con el objetivo de seguir siendo la fundici\u00f3n referente en Europa.<\/p>\n<p>Tambi\u00e9n se present\u00f3 un plan de inversiones que asciende a 30M\u20ac. En este plan de inversiones cabe destacar la puesta en marcha de una nueva planta de mecanizado de 12,500 metros cuadrados y con varios centros de mecanizado inteligentes.<\/p>\n<p>Con esta nueva instalaci\u00f3n de Moldeo Cer\u00e1mico AMPO ofrecer\u00e1 componentes de fundici\u00f3n para valvuler\u00eda, bombas, sector marino, sector de la separaci\u00f3n y el sector de generaci\u00f3n de energ\u00eda. Grandes grupos del sector como ROLLS ROYCE, FLOWSERVE, METSO, VELAN, etc. que asistieron a la inauguraci\u00f3n ya conf\u00edan en esta tecnolog\u00eda para desarrollar sus componentes de fundici\u00f3n en AMPO.<\/p>\n","protected":false},"excerpt":{"rendered":"<p>AMPO inaugur\u00f3 el pasado 10 de noviembre la nueva instalaci\u00f3n de moldeo cer\u00e1mico, la cual posibilitar\u00e1 ofrecer componentes de gran tama\u00f1o y geometr\u00edas complejas. La automatizaci\u00f3n del proceso le permitir\u00e1 adem\u00e1s aumentar su competitividad. Con esta nueva instalaci\u00f3n AMPO lograr\u00e1 cuadruplicar su capacidad de Moldeo Cer\u00e1mico actual hasta llegar a las 240 toneladas mensuales y [&hellip;]<\/p>\n","protected":false},"author":1,"featured_media":5445,"comment_status":"closed","ping_status":"closed","sticky":false,"template":"","format":"standard","meta":{"_acf_changed":false,"inline_featured_image":false,"footnotes":""},"categories":[130,131],"tags":[],"class_list":["post-15378","post","type-post","status-publish","format-standard","has-post-thumbnail","hentry","category-foundry-es","category-news-media-es"],"acf":[],"yoast_head":"<!-- This site is optimized with the Yoast SEO plugin v26.0 - https:\/\/yoast.com\/wordpress\/plugins\/seo\/ -->\n<title>Inauguraci\u00f3n de la nueva instalaci\u00f3n de moldeo cer\u00e1mico de Ampo fundici\u00f3n - Ampo<\/title>\n<meta name=\"robots\" content=\"index, follow, max-snippet:-1, max-image-preview:large, max-video-preview:-1\" \/>\n<link rel=\"canonical\" href=\"https:\/\/www.ampo.com\/es\/inauguracion-de-la-nueva-instalacion-de-moldeo-ceramico-de-ampo-fundicion\/\" \/>\n<meta property=\"og:locale\" content=\"es_ES\" \/>\n<meta property=\"og:type\" content=\"article\" \/>\n<meta property=\"og:title\" content=\"Inauguraci\u00f3n de la nueva instalaci\u00f3n de moldeo cer\u00e1mico de Ampo fundici\u00f3n - Ampo\" \/>\n<meta property=\"og:description\" content=\"AMPO inaugur\u00f3 el pasado 10 de noviembre la nueva instalaci\u00f3n de moldeo cer\u00e1mico, la cual posibilitar\u00e1 ofrecer componentes de gran tama\u00f1o y geometr\u00edas complejas. La automatizaci\u00f3n del proceso le permitir\u00e1 adem\u00e1s aumentar su competitividad. Con esta nueva instalaci\u00f3n AMPO lograr\u00e1 cuadruplicar su capacidad de Moldeo Cer\u00e1mico actual hasta llegar a las 240 toneladas mensuales y [&hellip;]\" \/>\n<meta property=\"og:url\" content=\"https:\/\/www.ampo.com\/es\/inauguracion-de-la-nueva-instalacion-de-moldeo-ceramico-de-ampo-fundicion\/\" \/>\n<meta property=\"og:site_name\" content=\"Ampo\" \/>\n<meta property=\"article:published_time\" content=\"2016-12-01T12:48:47+00:00\" \/>\n<meta property=\"og:image\" content=\"https:\/\/www.ampo.com\/wp-content\/uploads\/2016\/12\/JAZ_656281-1.jpg\" \/>\n\t<meta property=\"og:image:width\" content=\"1200\" \/>\n\t<meta property=\"og:image:height\" content=\"800\" \/>\n\t<meta property=\"og:image:type\" content=\"image\/jpeg\" \/>\n<meta name=\"author\" content=\"admin\" \/>\n<meta name=\"twitter:card\" content=\"summary_large_image\" \/>\n<meta name=\"twitter:label1\" content=\"Escrito por\" \/>\n\t<meta name=\"twitter:data1\" content=\"admin\" \/>\n\t<meta name=\"twitter:label2\" content=\"Tiempo de lectura\" \/>\n\t<meta name=\"twitter:data2\" content=\"1 minuto\" \/>\n<script type=\"application\/ld+json\" class=\"yoast-schema-graph\">{\"@context\":\"https:\/\/schema.org\",\"@graph\":[{\"@type\":\"Article\",\"@id\":\"https:\/\/www.ampo.com\/es\/inauguracion-de-la-nueva-instalacion-de-moldeo-ceramico-de-ampo-fundicion\/#article\",\"isPartOf\":{\"@id\":\"https:\/\/www.ampo.com\/es\/inauguracion-de-la-nueva-instalacion-de-moldeo-ceramico-de-ampo-fundicion\/\"},\"author\":{\"name\":\"admin\",\"@id\":\"https:\/\/www.ampo.com\/#\/schema\/person\/913704f136d824418a069dd12ac6422e\"},\"headline\":\"Inauguraci\u00f3n de la nueva instalaci\u00f3n de moldeo cer\u00e1mico de Ampo fundici\u00f3n\",\"datePublished\":\"2016-12-01T12:48:47+00:00\",\"mainEntityOfPage\":{\"@id\":\"https:\/\/www.ampo.com\/es\/inauguracion-de-la-nueva-instalacion-de-moldeo-ceramico-de-ampo-fundicion\/\"},\"wordCount\":222,\"publisher\":{\"@id\":\"https:\/\/www.ampo.com\/#organization\"},\"image\":{\"@id\":\"https:\/\/www.ampo.com\/es\/inauguracion-de-la-nueva-instalacion-de-moldeo-ceramico-de-ampo-fundicion\/#primaryimage\"},\"thumbnailUrl\":\"https:\/\/www.ampo.com\/wp-content\/uploads\/2016\/12\/JAZ_656281-1.jpg\",\"articleSection\":[\"AMPO Fundici\u00f3n\",\"News &amp; Media\"],\"inLanguage\":\"es\"},{\"@type\":\"WebPage\",\"@id\":\"https:\/\/www.ampo.com\/es\/inauguracion-de-la-nueva-instalacion-de-moldeo-ceramico-de-ampo-fundicion\/\",\"url\":\"https:\/\/www.ampo.com\/es\/inauguracion-de-la-nueva-instalacion-de-moldeo-ceramico-de-ampo-fundicion\/\",\"name\":\"Inauguraci\u00f3n de la nueva instalaci\u00f3n de moldeo cer\u00e1mico de Ampo fundici\u00f3n - Ampo\",\"isPartOf\":{\"@id\":\"https:\/\/www.ampo.com\/#website\"},\"primaryImageOfPage\":{\"@id\":\"https:\/\/www.ampo.com\/es\/inauguracion-de-la-nueva-instalacion-de-moldeo-ceramico-de-ampo-fundicion\/#primaryimage\"},\"image\":{\"@id\":\"https:\/\/www.ampo.com\/es\/inauguracion-de-la-nueva-instalacion-de-moldeo-ceramico-de-ampo-fundicion\/#primaryimage\"},\"thumbnailUrl\":\"https:\/\/www.ampo.com\/wp-content\/uploads\/2016\/12\/JAZ_656281-1.jpg\",\"datePublished\":\"2016-12-01T12:48:47+00:00\",\"breadcrumb\":{\"@id\":\"https:\/\/www.ampo.com\/es\/inauguracion-de-la-nueva-instalacion-de-moldeo-ceramico-de-ampo-fundicion\/#breadcrumb\"},\"inLanguage\":\"es\",\"potentialAction\":[{\"@type\":\"ReadAction\",\"target\":[\"https:\/\/www.ampo.com\/es\/inauguracion-de-la-nueva-instalacion-de-moldeo-ceramico-de-ampo-fundicion\/\"]}]},{\"@type\":\"ImageObject\",\"inLanguage\":\"es\",\"@id\":\"https:\/\/www.ampo.com\/es\/inauguracion-de-la-nueva-instalacion-de-moldeo-ceramico-de-ampo-fundicion\/#primaryimage\",\"url\":\"https:\/\/www.ampo.com\/wp-content\/uploads\/2016\/12\/JAZ_656281-1.jpg\",\"contentUrl\":\"https:\/\/www.ampo.com\/wp-content\/uploads\/2016\/12\/JAZ_656281-1.jpg\",\"width\":1200,\"height\":800},{\"@type\":\"BreadcrumbList\",\"@id\":\"https:\/\/www.ampo.com\/es\/inauguracion-de-la-nueva-instalacion-de-moldeo-ceramico-de-ampo-fundicion\/#breadcrumb\",\"itemListElement\":[{\"@type\":\"ListItem\",\"position\":1,\"name\":\"Portada\",\"item\":\"https:\/\/www.ampo.com\/es\/\"},{\"@type\":\"ListItem\",\"position\":2,\"name\":\"Inauguraci\u00f3n de la nueva instalaci\u00f3n de moldeo cer\u00e1mico de Ampo fundici\u00f3n\"}]},{\"@type\":\"WebSite\",\"@id\":\"https:\/\/www.ampo.com\/#website\",\"url\":\"https:\/\/www.ampo.com\/\",\"name\":\"Ampo\",\"description\":\"\",\"publisher\":{\"@id\":\"https:\/\/www.ampo.com\/#organization\"},\"potentialAction\":[{\"@type\":\"SearchAction\",\"target\":{\"@type\":\"EntryPoint\",\"urlTemplate\":\"https:\/\/www.ampo.com\/?s={search_term_string}\"},\"query-input\":{\"@type\":\"PropertyValueSpecification\",\"valueRequired\":true,\"valueName\":\"search_term_string\"}}],\"inLanguage\":\"es\"},{\"@type\":\"Organization\",\"@id\":\"https:\/\/www.ampo.com\/#organization\",\"name\":\"Ampo\",\"url\":\"https:\/\/www.ampo.com\/\",\"logo\":{\"@type\":\"ImageObject\",\"inLanguage\":\"es\",\"@id\":\"https:\/\/www.ampo.com\/#\/schema\/logo\/image\/\",\"url\":\"https:\/\/www.ampo.com\/wp-content\/uploads\/2023\/07\/ampo-logo.png\",\"contentUrl\":\"https:\/\/www.ampo.com\/wp-content\/uploads\/2023\/07\/ampo-logo.png\",\"width\":642,\"height\":211,\"caption\":\"Ampo\"},\"image\":{\"@id\":\"https:\/\/www.ampo.com\/#\/schema\/logo\/image\/\"}},{\"@type\":\"Person\",\"@id\":\"https:\/\/www.ampo.com\/#\/schema\/person\/913704f136d824418a069dd12ac6422e\",\"name\":\"admin\",\"image\":{\"@type\":\"ImageObject\",\"inLanguage\":\"es\",\"@id\":\"https:\/\/www.ampo.com\/#\/schema\/person\/image\/\",\"url\":\"https:\/\/secure.gravatar.com\/avatar\/df4a024f593be0b36c370232b5b92261beb0d2f996e0eb8e93bd2f4e217f855f?s=96&d=mm&r=g\",\"contentUrl\":\"https:\/\/secure.gravatar.com\/avatar\/df4a024f593be0b36c370232b5b92261beb0d2f996e0eb8e93bd2f4e217f855f?s=96&d=mm&r=g\",\"caption\":\"admin\"},\"sameAs\":[\"https:\/\/ampo.com\"],\"url\":\"https:\/\/www.ampo.com\/es\/author\/admin\/\"}]}<\/script>\n<!-- \/ Yoast SEO plugin. -->","yoast_head_json":{"title":"Inauguraci\u00f3n de la nueva instalaci\u00f3n de moldeo cer\u00e1mico de Ampo fundici\u00f3n - Ampo","robots":{"index":"index","follow":"follow","max-snippet":"max-snippet:-1","max-image-preview":"max-image-preview:large","max-video-preview":"max-video-preview:-1"},"canonical":"https:\/\/www.ampo.com\/es\/inauguracion-de-la-nueva-instalacion-de-moldeo-ceramico-de-ampo-fundicion\/","og_locale":"es_ES","og_type":"article","og_title":"Inauguraci\u00f3n de la nueva instalaci\u00f3n de moldeo cer\u00e1mico de Ampo fundici\u00f3n - Ampo","og_description":"AMPO inaugur\u00f3 el pasado 10 de noviembre la nueva instalaci\u00f3n de moldeo cer\u00e1mico, la cual posibilitar\u00e1 ofrecer componentes de gran tama\u00f1o y geometr\u00edas complejas. La automatizaci\u00f3n del proceso le permitir\u00e1 adem\u00e1s aumentar su competitividad. Con esta nueva instalaci\u00f3n AMPO lograr\u00e1 cuadruplicar su capacidad de Moldeo Cer\u00e1mico actual hasta llegar a las 240 toneladas mensuales y [&hellip;]","og_url":"https:\/\/www.ampo.com\/es\/inauguracion-de-la-nueva-instalacion-de-moldeo-ceramico-de-ampo-fundicion\/","og_site_name":"Ampo","article_published_time":"2016-12-01T12:48:47+00:00","og_image":[{"width":1200,"height":800,"url":"https:\/\/www.ampo.com\/wp-content\/uploads\/2016\/12\/JAZ_656281-1.jpg","type":"image\/jpeg"}],"author":"admin","twitter_card":"summary_large_image","twitter_misc":{"Escrito por":"admin","Tiempo de lectura":"1 minuto"},"schema":{"@context":"https:\/\/schema.org","@graph":[{"@type":"Article","@id":"https:\/\/www.ampo.com\/es\/inauguracion-de-la-nueva-instalacion-de-moldeo-ceramico-de-ampo-fundicion\/#article","isPartOf":{"@id":"https:\/\/www.ampo.com\/es\/inauguracion-de-la-nueva-instalacion-de-moldeo-ceramico-de-ampo-fundicion\/"},"author":{"name":"admin","@id":"https:\/\/www.ampo.com\/#\/schema\/person\/913704f136d824418a069dd12ac6422e"},"headline":"Inauguraci\u00f3n de la nueva instalaci\u00f3n de moldeo cer\u00e1mico de Ampo fundici\u00f3n","datePublished":"2016-12-01T12:48:47+00:00","mainEntityOfPage":{"@id":"https:\/\/www.ampo.com\/es\/inauguracion-de-la-nueva-instalacion-de-moldeo-ceramico-de-ampo-fundicion\/"},"wordCount":222,"publisher":{"@id":"https:\/\/www.ampo.com\/#organization"},"image":{"@id":"https:\/\/www.ampo.com\/es\/inauguracion-de-la-nueva-instalacion-de-moldeo-ceramico-de-ampo-fundicion\/#primaryimage"},"thumbnailUrl":"https:\/\/www.ampo.com\/wp-content\/uploads\/2016\/12\/JAZ_656281-1.jpg","articleSection":["AMPO Fundici\u00f3n","News &amp; Media"],"inLanguage":"es"},{"@type":"WebPage","@id":"https:\/\/www.ampo.com\/es\/inauguracion-de-la-nueva-instalacion-de-moldeo-ceramico-de-ampo-fundicion\/","url":"https:\/\/www.ampo.com\/es\/inauguracion-de-la-nueva-instalacion-de-moldeo-ceramico-de-ampo-fundicion\/","name":"Inauguraci\u00f3n de la nueva instalaci\u00f3n de moldeo cer\u00e1mico de Ampo fundici\u00f3n - Ampo","isPartOf":{"@id":"https:\/\/www.ampo.com\/#website"},"primaryImageOfPage":{"@id":"https:\/\/www.ampo.com\/es\/inauguracion-de-la-nueva-instalacion-de-moldeo-ceramico-de-ampo-fundicion\/#primaryimage"},"image":{"@id":"https:\/\/www.ampo.com\/es\/inauguracion-de-la-nueva-instalacion-de-moldeo-ceramico-de-ampo-fundicion\/#primaryimage"},"thumbnailUrl":"https:\/\/www.ampo.com\/wp-content\/uploads\/2016\/12\/JAZ_656281-1.jpg","datePublished":"2016-12-01T12:48:47+00:00","breadcrumb":{"@id":"https:\/\/www.ampo.com\/es\/inauguracion-de-la-nueva-instalacion-de-moldeo-ceramico-de-ampo-fundicion\/#breadcrumb"},"inLanguage":"es","potentialAction":[{"@type":"ReadAction","target":["https:\/\/www.ampo.com\/es\/inauguracion-de-la-nueva-instalacion-de-moldeo-ceramico-de-ampo-fundicion\/"]}]},{"@type":"ImageObject","inLanguage":"es","@id":"https:\/\/www.ampo.com\/es\/inauguracion-de-la-nueva-instalacion-de-moldeo-ceramico-de-ampo-fundicion\/#primaryimage","url":"https:\/\/www.ampo.com\/wp-content\/uploads\/2016\/12\/JAZ_656281-1.jpg","contentUrl":"https:\/\/www.ampo.com\/wp-content\/uploads\/2016\/12\/JAZ_656281-1.jpg","width":1200,"height":800},{"@type":"BreadcrumbList","@id":"https:\/\/www.ampo.com\/es\/inauguracion-de-la-nueva-instalacion-de-moldeo-ceramico-de-ampo-fundicion\/#breadcrumb","itemListElement":[{"@type":"ListItem","position":1,"name":"Portada","item":"https:\/\/www.ampo.com\/es\/"},{"@type":"ListItem","position":2,"name":"Inauguraci\u00f3n de la nueva instalaci\u00f3n de moldeo cer\u00e1mico de Ampo fundici\u00f3n"}]},{"@type":"WebSite","@id":"https:\/\/www.ampo.com\/#website","url":"https:\/\/www.ampo.com\/","name":"Ampo","description":"","publisher":{"@id":"https:\/\/www.ampo.com\/#organization"},"potentialAction":[{"@type":"SearchAction","target":{"@type":"EntryPoint","urlTemplate":"https:\/\/www.ampo.com\/?s={search_term_string}"},"query-input":{"@type":"PropertyValueSpecification","valueRequired":true,"valueName":"search_term_string"}}],"inLanguage":"es"},{"@type":"Organization","@id":"https:\/\/www.ampo.com\/#organization","name":"Ampo","url":"https:\/\/www.ampo.com\/","logo":{"@type":"ImageObject","inLanguage":"es","@id":"https:\/\/www.ampo.com\/#\/schema\/logo\/image\/","url":"https:\/\/www.ampo.com\/wp-content\/uploads\/2023\/07\/ampo-logo.png","contentUrl":"https:\/\/www.ampo.com\/wp-content\/uploads\/2023\/07\/ampo-logo.png","width":642,"height":211,"caption":"Ampo"},"image":{"@id":"https:\/\/www.ampo.com\/#\/schema\/logo\/image\/"}},{"@type":"Person","@id":"https:\/\/www.ampo.com\/#\/schema\/person\/913704f136d824418a069dd12ac6422e","name":"admin","image":{"@type":"ImageObject","inLanguage":"es","@id":"https:\/\/www.ampo.com\/#\/schema\/person\/image\/","url":"https:\/\/secure.gravatar.com\/avatar\/df4a024f593be0b36c370232b5b92261beb0d2f996e0eb8e93bd2f4e217f855f?s=96&d=mm&r=g","contentUrl":"https:\/\/secure.gravatar.com\/avatar\/df4a024f593be0b36c370232b5b92261beb0d2f996e0eb8e93bd2f4e217f855f?s=96&d=mm&r=g","caption":"admin"},"sameAs":["https:\/\/ampo.com"],"url":"https:\/\/www.ampo.com\/es\/author\/admin\/"}]}},"_links":{"self":[{"href":"https:\/\/www.ampo.com\/es\/wp-json\/wp\/v2\/posts\/15378","targetHints":{"allow":["GET"]}}],"collection":[{"href":"https:\/\/www.ampo.com\/es\/wp-json\/wp\/v2\/posts"}],"about":[{"href":"https:\/\/www.ampo.com\/es\/wp-json\/wp\/v2\/types\/post"}],"author":[{"embeddable":true,"href":"https:\/\/www.ampo.com\/es\/wp-json\/wp\/v2\/users\/1"}],"replies":[{"embeddable":true,"href":"https:\/\/www.ampo.com\/es\/wp-json\/wp\/v2\/comments?post=15378"}],"version-history":[{"count":0,"href":"https:\/\/www.ampo.com\/es\/wp-json\/wp\/v2\/posts\/15378\/revisions"}],"wp:featuredmedia":[{"embeddable":true,"href":"https:\/\/www.ampo.com\/es\/wp-json\/wp\/v2\/media\/5445"}],"wp:attachment":[{"href":"https:\/\/www.ampo.com\/es\/wp-json\/wp\/v2\/media?parent=15378"}],"wp:term":[{"taxonomy":"category","embeddable":true,"href":"https:\/\/www.ampo.com\/es\/wp-json\/wp\/v2\/categories?post=15378"},{"taxonomy":"post_tag","embeddable":true,"href":"https:\/\/www.ampo.com\/es\/wp-json\/wp\/v2\/tags?post=15378"}],"curies":[{"name":"wp","href":"https:\/\/api.w.org\/{rel}","templated":true}]}}